{"id":5399,"date":"2019-10-03T03:04:41","date_gmt":"2019-10-03T03:04:41","guid":{"rendered":"https:\/\/fantaccini.com.br\/?p=5399"},"modified":"2019-10-03T03:04:41","modified_gmt":"2019-10-03T03:04:41","slug":"evento-em-sao-paulo-so-para-mulheres-aborda-temas-espirituais-de-autoconhecimento","status":"publish","type":"post","link":"https:\/\/fantaccini.com.br\/index.php\/evento-em-sao-paulo-so-para-mulheres-aborda-temas-espirituais-de-autoconhecimento\/","title":{"rendered":"Evento em S\u00e3o Paulo s\u00f3 para mulheres aborda temas espirituais de autoconhecimento"},"content":{"rendered":"<p><i>O Feminino: Origem e Transforma\u00e7\u00e3o acontece no dia 13\/10, na Ponte do Arco-\u00edris, para compartilhar conte\u00fados e ferramentas pr\u00e1ticas com o objetivo de melhorar rela\u00e7\u00f5es<\/i><\/p>\n<p>S\u00e3o Paulo, 2 de outubro de 2019 &#8211; Promover um encontro com palestrantes mulheres para compartilhar conte\u00fados e ferramentas pr\u00e1ticas para que elas possam melhorar suas rela\u00e7\u00f5es conjugais, afetivas, familiares e profissionais, esse \u00e9 o prop\u00f3sito do evento O Feminino: Origem e Transforma\u00e7\u00e3o, que acontece em S\u00e3o Paulo no dia 13 de outubro, das 9h30 \u00e0s 17h30, na Ponte do Arco-\u00edris (Rua Natingui, 154 &#8211; Vila Madalena).<\/p>\n<p>O Evento aborda temas do universo da alma feminina que permeiam o desenvolvimento e a expans\u00e3o da consci\u00eancia, apresentando segredos que s\u00f3 podem ser compartilhados entre mulheres. Como, por exemplo:\u00a0<i>Origem da Cria\u00e7\u00e3o<\/i>, o mito do <i>Pecado de Ad\u00e3o e Eva<\/i> e como tudo isto influenciou no desenvolvimento da alma feminina; ferramentas para melhorar nossas rela\u00e7\u00f5es afetivas e atingir uma vida plena; bloqueios a serem reconhecidos para alcan\u00e7armos uma verdadeira busca da miss\u00e3o da alma feminina, tratando de relacionamentos, felicidade e amor (atrav\u00e9s da hist\u00f3ria e trajet\u00f3ria de Maria Madalena); a percep\u00e7\u00e3o da <i>Casa<\/i> como espa\u00e7o sagrado e representa\u00e7\u00e3o simb\u00f3lica de n\u00f3s mesmas; como reconhecer o pr\u00f3prio potencial, for\u00e7a e miss\u00e3o, buscando nosso prop\u00f3sito de vida, entendendo melhor os desafios da evolu\u00e7\u00e3o da alma atrav\u00e9s da corre\u00e7\u00e3o da mesma.<\/p>\n<p>A viv\u00eancia traz palestras com diversos temas, \u201cOrigem e segredos da alma feminina\u201d com Marli Franco de Camargo, estudante de kabbalah h\u00e1 20 anos e tamb\u00e9m curadora do evento, dirige sua empresa de curadoria de conte\u00fado na \u00e1rea do desenvolvimento humano, espiritualidade e auto conhecimento, mostrar\u00e1 a partir do ponto de vista feminino a origem da cria\u00e7\u00e3o, o pecado de Ad\u00e3o e Eva e mencionar\u00e1 as trajet\u00f3rias das matriarcas Eva e Sara; como elas podem ter influenciado o desenvolvimento da alma feminina e quais bloqueios podem nos ter deixado at\u00e9 os dias de hoje. Como a antiga sabedoria da kabbalah pode nos ajudar a lembrar destes bloqueios e entregar ferramentas pr\u00e1ticas para atingirmos uma vida plena e feliz.<\/p>\n<p>&#8220;Maria Madalena: o caminho do reencontro com o sagrado\u201d, com Jane Ribeiro, advogada e h\u00e1 mais de 30 anos se dedicando aos estudos e pr\u00e1ticas voltados \u00e0 espiritualidade, aborda como, desde a apari\u00e7\u00e3o de Eva, considerada a respons\u00e1vel pelo chamado \u201cpecado original\u201d, o feminino foi desprezado e esquecido, e por que o sagrado deu lugar ao profano, intensificado com a chegada a este planeta da figura majestosa de Maria Madalena, quando o desprezo pela mulher chegou ao seu ponto m\u00e1ximo.<\/p>\n<p>\u201cMinha Alma, minha casa\u201d, com Jacqueline Diniz, consultora de harmoniza\u00e7\u00e3o de ambientes utilizando a combina\u00e7\u00e3o de conceitos da Arquitetura, Kabbalah e Feng Shui,\u00a0 traz reflex\u00f5es sobre como os ambientes ao nosso redor revelam quem somos e podem ser usados como ferramentas de aprofundamento pessoal. Da mesma forma que nosso corpo pode representar a express\u00e3o f\u00edsica do nosso Eu mais elevado, que \u00e9 nossa Alma, nossa casa espelha o nosso Universo interno e externo. M\u00faltiplos campos en\u00e9rgicos pulsam ao nosso redor e s\u00e3o constantemente alimentados por n\u00f3s.<\/p>\n<p>\u201cO caminho de evolu\u00e7\u00e3o da alma feminina\u201d, com Renata Chaya, \u00a0 professora de kabbalah desde 2012 e consultora emocional e espiritual, traz reflex\u00f5es e exerc\u00edcios pr\u00e1ticos para encontrarmos o caminho de evolu\u00e7\u00e3o da nossa alma abordando 03 pilares da nossa vida: nossa miss\u00e3o e prop\u00f3sito, nossos desafios e obst\u00e1culos e a corre\u00e7\u00e3o da nossa alma.<\/p>\n<p>O evento conta ainda com as din\u00e2micas: &#8220;Mulheres de Corpo e Alma\u201d, com Maria Auxiliadora Gomes Freitas, terapeuta hol\u00edstica. Com o prop\u00f3sito de despertar a consci\u00eancia corporal, integrando e acordando cada\u00a0\u00a0parte do corpo, trazendo o estado de\u00a0\u00a0aten\u00e7\u00e3o para o presente, para si mesma e assim poder fazer um reconhecimento enquanto ser \u00fanico pertence ao grupo e a Alma grupo feminina que ser\u00e1 formada neste encontro.<\/p>\n<p>\u201cAlquimia do feminino\u201d, com Morgana Moura, terapeuta hol\u00edstica, aromaterapeuta, astr\u00f3loga, estudiosa e pesquisadora de fitoterapia brasileira e sabedorias ancestrais de ginecologia natural de diversos povos, \u00e9 uma viv\u00eancia terap\u00eautica que nos religa \u00e0 po\u00e9tica do ser, despertando nossas mem\u00f3rias, expandindo a consci\u00eancia no prop\u00f3sito de reconhecer, e cocriar possibilidades e novas realidades.<\/p>\n<p>A programa\u00e7\u00e3o tamb\u00e9m traz rodas de conversas e medita\u00e7\u00e3o com Luciana Garcia, estudante de kabbalah h\u00e1 quase 20 anos, realiza eventos de cunho espiritual e de desenvolvimento humano. J\u00e1 realizou mais<b> <\/b>de dez eventos sobre kabbalah e desenvolvimento humano.<\/p>\n<p>O ingresso custa R$602 e pode ser adquirido online pelo site <a href=\"https:\/\/pag.ae\/7VjBTWgB9\">https:\/\/pag.ae\/7VjBTWgB9<\/a>. O evento ter\u00e1 uma parte da sua renda revertida para uma institui\u00e7\u00e3o de combate \u00e0 viol\u00eancia contra a mulher.<\/p>\n<p>SERVI\u00c7O<\/p>\n<p>O Feminino: Origem e Transforma\u00e7\u00e3o<br \/>\nDomingo, 13 de outubro, das 9h30 \u00e0s 17h30<br \/>\nLocal: Ponte do Arco-\u00edris &#8211; Rua Natingui, 154 &#8211; Vila Madalena &#8211; S\u00e3o Paulo<br \/>\nClassifica\u00e7\u00e3o: 18 anos | Evento para mulleres<br \/>\nLugares: 60<br \/>\nIngressos: R$602 (<a href=\"https:\/\/pag.ae\/7VjBTWgB9\">https:\/\/pag.ae\/7VjBTWgB9<\/a>)<br \/>\nMais informa\u00e7\u00f5es: <a href=\"http:\/\/www.ofeminino.com.br\/\">www.ofeminino.com.br<\/a><\/p>\n","protected":false},"excerpt":{"rendered":"<p>O Feminino: Origem e Transforma\u00e7\u00e3o acontece no dia 13\/10, na Ponte do Arco-\u00edris, para compartilhar conte\u00fados e ferramentas pr\u00e1ticas com o objetivo de melhorar rela\u00e7\u00f5es S\u00e3o Paulo, 2 de outubro de 2019 &#8211; Promover um encontro com palestrantes mulheres para compartilhar conte\u00fados e ferramentas pr\u00e1ticas para que elas possam melhorar suas rela\u00e7\u00f5es conjugais, afetivas, familiares [&hellip;]<\/p>\n","protected":false},"author":1,"featured_media":5400,"comment_status":"closed","ping_status":"closed","sticky":false,"template":"","format":"standard","meta":{"footnotes":""},"categories":[250,254],"tags":[],"class_list":["post-5399","post","type-post","status-publish","format-standard","has-post-thumbnail","hentry","category-clientes","category-o-feminino"],"_links":{"self":[{"href":"https:\/\/fantaccini.com.br\/index.php\/wp-json\/wp\/v2\/posts\/5399","targetHints":{"allow":["GET"]}}],"collection":[{"href":"https:\/\/fantaccini.com.br\/index.php\/wp-json\/wp\/v2\/posts"}],"about":[{"href":"https:\/\/fantaccini.com.br\/index.php\/wp-json\/wp\/v2\/types\/post"}],"author":[{"embeddable":true,"href":"https:\/\/fantaccini.com.br\/index.php\/wp-json\/wp\/v2\/users\/1"}],"replies":[{"embeddable":true,"href":"https:\/\/fantaccini.com.br\/index.php\/wp-json\/wp\/v2\/comments?post=5399"}],"version-history":[{"count":1,"href":"https:\/\/fantaccini.com.br\/index.php\/wp-json\/wp\/v2\/posts\/5399\/revisions"}],"predecessor-version":[{"id":5401,"href":"https:\/\/fantaccini.com.br\/index.php\/wp-json\/wp\/v2\/posts\/5399\/revisions\/5401"}],"wp:featuredmedia":[{"embeddable":true,"href":"https:\/\/fantaccini.com.br\/index.php\/wp-json\/wp\/v2\/media\/5400"}],"wp:attachment":[{"href":"https:\/\/fantaccini.com.br\/index.php\/wp-json\/wp\/v2\/media?parent=5399"}],"wp:term":[{"taxonomy":"category","embeddable":true,"href":"https:\/\/fantaccini.com.br\/index.php\/wp-json\/wp\/v2\/categories?post=5399"},{"taxonomy":"post_tag","embeddable":true,"href":"https:\/\/fantaccini.com.br\/index.php\/wp-json\/wp\/v2\/tags?post=5399"}],"curies":[{"name":"wp","href":"https:\/\/api.w.org\/{rel}","templated":true}]}}